  {"id":37686,"date":"2021-05-12T08:00:33","date_gmt":"2021-05-12T08:00:33","guid":{"rendered":"https:\/\/www.hunimed.eu\/news\/giornata-internazionale-dellinfermiere-il-nostro-studente-simone-racconta-la-sua-vocazione\/"},"modified":"2021-05-12T08:00:33","modified_gmt":"2021-05-12T08:00:33","slug":"giornata-internazionale-dellinfermiere-il-nostro-studente-simone-racconta-la-sua-vocazione","status":"publish","type":"post","link":"https:\/\/www.hunimed.eu\/it\/news\/giornata-internazionale-dellinfermiere-il-nostro-studente-simone-racconta-la-sua-vocazione\/","title":{"rendered":"Giornata Internazionale dell&#8217;Infermiere: il nostro studente Simone racconta la sua vocazione"},"content":{"rendered":"<p>\u00abMi sono iscritto al corso di infermieristica di 麻豆传媒AV在线看 perch\u00e9 dopo tanti anni come <strong>volontario della Croce Rossa<\/strong> sentivo il bisogno di avere un attaccamento verso il paziente che fosse umano. E in questo l\u2019infermiere \u00e8 la figura pi\u00f9 giusta\u00bb. <strong>Simone Nicoli<\/strong> ha 25 anni e frequenta il primo anno del <strong>corso di infermieristica all\u2019麻豆传媒AV在线看 University<\/strong>, nella sede di Bergamo, citt\u00e0 di cui \u00e8 originario. Abbiamo raccolto la sua testimonianza in occasione della Giornata Internazionale dell\u2019Infermerie perch\u00e9, pur non essendo ancora tecnicamente un infermiere, Simone ha gi\u00e0 dentro <strong>tutta la passione per questo lavoro<\/strong>.<\/p>\n<p>Per molti anni, prima di iscriversi, Simone \u00e8 stato un volontario della Croce Rossa e in ambulanza ha trascorso infiniti giorni e infinite notti, su e gi\u00f9 tra Seriate e Bergamo ad assistere i pazienti che li chiamavano. Poi, dopo l\u2019ultimo anno, quello della pandemia, <strong>la sua scelta di diventare infermiere non \u00e8 stata pi\u00f9 rimandabile<\/strong>. \u00abCome soccorritore, ho passato l\u2019intero marzo 2020, quello in cui la pandemia impazzava nella bergamasca, in ambulanza. Ed \u00e8 stato proprio bello rendermi conto di come l\u2019infermiere rappresentasse in tutto e per tutto il <strong>bisogno delle persone<\/strong>. Ricevevamo centinaia di chiamate al giorno e gli infermieri che operavano con noi volontari erano un punto di riferimento per tutti i pazienti. E non solo per l\u2019assistenza medica, no: anche e soprattutto per il <strong>supporto psicologico<\/strong>. Molte delle persone che soccorrevamo erano veramente disperate, chiamavano il pi\u00f9 delle volte per avere delle rassicurazioni, anche solo per parlare e avere conforto\u00bb, ricorda Simone. \u00ab\u00c8 stato un periodo difficile per tutti noi ma a fine giornata io avevo sempre la percezione di essermi speso per tutti anche se mi rendevo conto che mi mancava un pezzetto. E quel pezzetto era la <strong>preparazione<\/strong> che ha un infermiere. Per esempio: i soccorritori non sono pronti ad affrontare l\u2019esperienza della morte e con il Covid purtroppo questa \u00e8 stata una condizione che si \u00e8 presentata spesso, sia con i pazienti che con i loro famigliari. Non sempre, purtroppo, eravamo \u201cattrezzati\u201d per farlo. <strong>\u00c8 stato in quel momento che ho capito che dovevo iscrivermi, studiare<\/strong> e, nel contempo, continuare con l\u2019esperienza sul campo\u00bb.<\/p>\n<p>Il percorso di studi di Simone \u00e8 appena iniziato eppure lui ha gi\u00e0 un paio di idee molto chiare su futuro che lo attende alla fine del percorso di laurea triennale. \u00abAl momento sto valutando due ipotesi. La prima \u2013 dice \u2013 riguarda la possibilit\u00e0 di dedicarmi all\u2019<strong>emergenza territoriale<\/strong>, quindi continuare con il servizio per il 118. \u00c8 un lavoro che mi intriga molto, \u00e8 affascinante perch\u00e9 ogni volta ti devi reinventare e poi sei molto vicino alle persone. Qui si vede davvero se un infermiere \u00e8 in gamba, perch\u00e9 pu\u00f2 davvero fare la differenza. La seconda opzione \u00e8 invece radicalmente opposta e finora non l\u2019avevo mai presa in considerazione. Si tratta della <strong>degenza di lungo corso<\/strong> in reparti come, ad esempio, quelli di oncologia. In questo senso, sarebbe pi\u00f9 un impegno a livello umano, sono solitamente situazioni molto pesanti, in cui l\u2019infermiere si espone moltissimo e viene inserito nel percorso del paziente\u00bb. Due realt\u00e0 diverse tra loro ma per Simone allo stesso modo importanti e intense. \u00abPer\u00f2 ancora devo fare il primo tirocinio, che inizier\u00e0 a giugno, e sono certo che l\u2019esperienza in ospedale mi aiuter\u00e0 molto a capire in quale settore vorr\u00f2 lavorare una volta laureato\u00bb.<\/p>\n","protected":false},"excerpt":{"rendered":"<p>\u00abMi sono iscritto al corso di infermieristica di 麻豆传媒AV在线看 perch\u00e9 dopo tanti anni come volontario della Croce Rossa sentivo il bisogno di avere un attaccamento verso il paziente che fosse umano. E in questo l\u2019infermiere \u00e8 la figura pi\u00f9 giusta\u00bb. Simone Nicoli ha 25 anni e frequenta il primo anno del corso di infermieristica all\u2019麻豆传媒AV在线看 [&hellip;]<\/p>\n","protected":false},"author":16,"featured_media":4381,"comment_status":"open","ping_status":"open","sticky":false,"template":"","format":"standard","meta":{"_acf_changed":false,"_kad_blocks_custom_css":"","_kad_blocks_head_custom_js":"","_kad_blocks_body_custom_js":"","_kad_blocks_footer_custom_js":"","footnotes":""},"categories":[2386],"tags":[],"class_list":["post-37686","post","type-post","status-publish","format-standard","has-post-thumbnail","hentry","category-vita-dello-studente-5"],"acf":[],"yoast_head":"<!-- This site is optimized with the Yoast SEO plugin v27.2 - https:\/\/yoast.com\/product\/yoast-seo-wordpress\/ -->\n<title>Giornata Internazionale dell&#039;Infermiere: il nostro studente Simone racconta la sua vocazione - Hunimed<\/title>\n<meta name=\"description\" content=\"\u00abMi sono iscritto al corso di infermieristica di 麻豆传媒AV在线看 perch\u00e9 dopo tanti anni come volontario della Croce Rossa sentivo il bisogno di avere un\" \/>\n<meta name=\"robots\" content=\"index, follow, max-snippet:-1, max-image-preview:large, max-video-preview:-1\" \/>\n<link rel=\"canonical\" href=\"https:\/\/www.hunimed.eu\/news\/giornata-internazionale-dellinfermiere-il-nostro-studente-simone-racconta-la-sua-vocazione\/\" \/>\n<meta property=\"og:locale\" content=\"it_IT\" \/>\n<meta property=\"og:type\" content=\"article\" \/>\n<meta property=\"og:title\" content=\"Giornata Internazionale dell&#039;Infermiere: il nostro studente Simone racconta la sua vocazione - Hunimed\" \/>\n<meta property=\"og:description\" content=\"\u00abMi sono iscritto al corso di infermieristica di 麻豆传媒AV在线看 perch\u00e9 dopo tanti anni come volontario della Croce Rossa sentivo il bisogno di avere un\" \/>\n<meta property=\"og:url\" content=\"https:\/\/www.hunimed.eu\/news\/giornata-internazionale-dellinfermiere-il-nostro-studente-simone-racconta-la-sua-vocazione\/\" \/>\n<meta property=\"og:site_name\" content=\"Hunimed\" \/>\n<meta property=\"article:publisher\" content=\"https:\/\/www.facebook.com\/Hunimed\/\" \/>\n<meta property=\"article:published_time\" content=\"2021-05-12T08:00:33+00:00\" \/>\n<meta property=\"og:image\" content=\"https:\/\/www.hunimed.eu\/wp-content\/uploads\/2025\/08\/HUNIMED-News-.png\" \/>\n\t<meta property=\"og:image:width\" content=\"600\" \/>\n\t<meta property=\"og:image:height\" content=\"320\" \/>\n\t<meta property=\"og:image:type\" content=\"image\/png\" \/>\n<meta name=\"author\" content=\"edit@humanitas\" \/>\n<meta name=\"twitter:card\" content=\"summary_large_image\" \/>\n<meta name=\"twitter:label1\" content=\"Scritto da\" \/>\n\t<meta name=\"twitter:data1\" content=\"edit@humanitas\" \/>\n\t<meta name=\"twitter:label2\" content=\"Tempo di lettura stimato\" \/>\n\t<meta name=\"twitter:data2\" content=\"3 minuti\" \/>\n<script type=\"application\/ld+json\" class=\"yoast-schema-graph\">{\"@context\":\"https:\/\/schema.org\",\"@graph\":[{\"@type\":\"Article\",\"@id\":\"https:\/\/www.hunimed.eu\/news\/giornata-internazionale-dellinfermiere-il-nostro-studente-simone-racconta-la-sua-vocazione\/#article\",\"isPartOf\":{\"@id\":\"https:\/\/www.hunimed.eu\/news\/giornata-internazionale-dellinfermiere-il-nostro-studente-simone-racconta-la-sua-vocazione\/\"},\"author\":{\"name\":\"edit@humanitas\",\"@id\":\"https:\/\/www.hunimed.eu\/#\/schema\/person\/cbe85a517f5d0316033eda8329e38457\"},\"headline\":\"Giornata Internazionale dell&#8217;Infermiere: il nostro studente Simone racconta la sua vocazione\",\"datePublished\":\"2021-05-12T08:00:33+00:00\",\"mainEntityOfPage\":{\"@id\":\"https:\/\/www.hunimed.eu\/news\/giornata-internazionale-dellinfermiere-il-nostro-studente-simone-racconta-la-sua-vocazione\/\"},\"wordCount\":559,\"commentCount\":0,\"publisher\":{\"@id\":\"https:\/\/www.hunimed.eu\/#organization\"},\"image\":{\"@id\":\"https:\/\/www.hunimed.eu\/news\/giornata-internazionale-dellinfermiere-il-nostro-studente-simone-racconta-la-sua-vocazione\/#primaryimage\"},\"thumbnailUrl\":\"https:\/\/www.hunimed.eu\/wp-content\/uploads\/2025\/08\/HUNIMED-News-.png?wsr\",\"articleSection\":[\"Vita dello Studente\"],\"inLanguage\":\"it-IT\"},{\"@type\":\"WebPage\",\"@id\":\"https:\/\/www.hunimed.eu\/news\/giornata-internazionale-dellinfermiere-il-nostro-studente-simone-racconta-la-sua-vocazione\/\",\"url\":\"https:\/\/www.hunimed.eu\/news\/giornata-internazionale-dellinfermiere-il-nostro-studente-simone-racconta-la-sua-vocazione\/\",\"name\":\"Giornata Internazionale dell'Infermiere: il nostro studente Simone racconta la sua vocazione - Hunimed\",\"isPartOf\":{\"@id\":\"https:\/\/www.hunimed.eu\/#website\"},\"primaryImageOfPage\":{\"@id\":\"https:\/\/www.hunimed.eu\/news\/giornata-internazionale-dellinfermiere-il-nostro-studente-simone-racconta-la-sua-vocazione\/#primaryimage\"},\"image\":{\"@id\":\"https:\/\/www.hunimed.eu\/news\/giornata-internazionale-dellinfermiere-il-nostro-studente-simone-racconta-la-sua-vocazione\/#primaryimage\"},\"thumbnailUrl\":\"https:\/\/www.hunimed.eu\/wp-content\/uploads\/2025\/08\/HUNIMED-News-.png?wsr\",\"datePublished\":\"2021-05-12T08:00:33+00:00\",\"description\":\"\u00abMi sono iscritto al corso di infermieristica di 麻豆传媒AV在线看 perch\u00e9 dopo tanti anni come volontario della Croce Rossa sentivo il bisogno di avere un\",\"breadcrumb\":{\"@id\":\"https:\/\/www.hunimed.eu\/news\/giornata-internazionale-dellinfermiere-il-nostro-studente-simone-racconta-la-sua-vocazione\/#breadcrumb\"},\"inLanguage\":\"it-IT\",\"potentialAction\":[{\"@type\":\"ReadAction\",\"target\":[\"https:\/\/www.hunimed.eu\/news\/giornata-internazionale-dellinfermiere-il-nostro-studente-simone-racconta-la-sua-vocazione\/\"]}]},{\"@type\":\"ImageObject\",\"inLanguage\":\"it-IT\",\"@id\":\"https:\/\/www.hunimed.eu\/news\/giornata-internazionale-dellinfermiere-il-nostro-studente-simone-racconta-la-sua-vocazione\/#primaryimage\",\"url\":\"https:\/\/www.hunimed.eu\/wp-content\/uploads\/2025\/08\/HUNIMED-News-.png?wsr\",\"contentUrl\":\"https:\/\/www.hunimed.eu\/wp-content\/uploads\/2025\/08\/HUNIMED-News-.png?wsr\",\"width\":600,\"height\":320},{\"@type\":\"BreadcrumbList\",\"@id\":\"https:\/\/www.hunimed.eu\/news\/giornata-internazionale-dellinfermiere-il-nostro-studente-simone-racconta-la-sua-vocazione\/#breadcrumb\",\"itemListElement\":[{\"@type\":\"ListItem\",\"position\":1,\"name\":\"Home\",\"item\":\"https:\/\/www.hunimed.eu\/it\/\"},{\"@type\":\"ListItem\",\"position\":2,\"name\":\"Giornata Internazionale dell&#8217;Infermiere: il nostro studente Simone racconta la sua vocazione\"}]},{\"@type\":\"WebSite\",\"@id\":\"https:\/\/www.hunimed.eu\/#website\",\"url\":\"https:\/\/www.hunimed.eu\/\",\"name\":\"Hunimed\",\"description\":\"麻豆传媒AV在线看 University\",\"publisher\":{\"@id\":\"https:\/\/www.hunimed.eu\/#organization\"},\"potentialAction\":[{\"@type\":\"SearchAction\",\"target\":{\"@type\":\"EntryPoint\",\"urlTemplate\":\"https:\/\/www.hunimed.eu\/?s={search_term_string}\"},\"query-input\":{\"@type\":\"PropertyValueSpecification\",\"valueRequired\":true,\"valueName\":\"search_term_string\"}}],\"inLanguage\":\"it-IT\"},{\"@type\":\"Organization\",\"@id\":\"https:\/\/www.hunimed.eu\/#organization\",\"name\":\"麻豆传媒AV在线看 University\",\"url\":\"https:\/\/www.hunimed.eu\/\",\"logo\":{\"@type\":\"ImageObject\",\"inLanguage\":\"it-IT\",\"@id\":\"https:\/\/www.hunimed.eu\/#\/schema\/logo\/image\/\",\"url\":\"https:\/\/www.hunimed.eu\/wp-content\/uploads\/2025\/06\/Logo.svg?wsr\",\"contentUrl\":\"https:\/\/www.hunimed.eu\/wp-content\/uploads\/2025\/06\/Logo.svg?wsr\",\"caption\":\"麻豆传媒AV在线看 University\"},\"image\":{\"@id\":\"https:\/\/www.hunimed.eu\/#\/schema\/logo\/image\/\"},\"sameAs\":[\"https:\/\/www.facebook.com\/Hunimed\/\",\"https:\/\/www.linkedin.com\/school\/18280267\/admin\/\"]},{\"@type\":\"Person\",\"@id\":\"https:\/\/www.hunimed.eu\/#\/schema\/person\/cbe85a517f5d0316033eda8329e38457\",\"name\":\"edit@humanitas\",\"image\":{\"@type\":\"ImageObject\",\"inLanguage\":\"it-IT\",\"@id\":\"https:\/\/secure.gravatar.com\/avatar\/e785548038467c6e09e44311549cfa096e2b3dd02edfdfd427b584a1347e82b9?s=96&d=mm&r=g\",\"url\":\"https:\/\/secure.gravatar.com\/avatar\/e785548038467c6e09e44311549cfa096e2b3dd02edfdfd427b584a1347e82b9?s=96&d=mm&r=g\",\"contentUrl\":\"https:\/\/secure.gravatar.com\/avatar\/e785548038467c6e09e44311549cfa096e2b3dd02edfdfd427b584a1347e82b9?s=96&d=mm&r=g\",\"caption\":\"edit@humanitas\"},\"url\":\"https:\/\/www.hunimed.eu\/it\/news\/author\/edithumanitas\/\"}]}<\/script>\n<!-- \/ Yoast SEO plugin. -->","yoast_head_json":{"title":"Giornata Internazionale dell'Infermiere: il nostro studente Simone racconta la sua vocazione - Hunimed","description":"\u00abMi sono iscritto al corso di infermieristica di 麻豆传媒AV在线看 perch\u00e9 dopo tanti anni come volontario della Croce Rossa sentivo il bisogno di avere un","robots":{"index":"index","follow":"follow","max-snippet":"max-snippet:-1","max-image-preview":"max-image-preview:large","max-video-preview":"max-video-preview:-1"},"canonical":"https:\/\/www.hunimed.eu\/news\/giornata-internazionale-dellinfermiere-il-nostro-studente-simone-racconta-la-sua-vocazione\/","og_locale":"it_IT","og_type":"article","og_title":"Giornata Internazionale dell'Infermiere: il nostro studente Simone racconta la sua vocazione - Hunimed","og_description":"\u00abMi sono iscritto al corso di infermieristica di 麻豆传媒AV在线看 perch\u00e9 dopo tanti anni come volontario della Croce Rossa sentivo il bisogno di avere un","og_url":"https:\/\/www.hunimed.eu\/news\/giornata-internazionale-dellinfermiere-il-nostro-studente-simone-racconta-la-sua-vocazione\/","og_site_name":"Hunimed","article_publisher":"https:\/\/www.facebook.com\/Hunimed\/","article_published_time":"2021-05-12T08:00:33+00:00","og_image":[{"width":600,"height":320,"url":"https:\/\/www.hunimed.eu\/wp-content\/uploads\/2025\/08\/HUNIMED-News-.png","type":"image\/png"}],"author":"edit@humanitas","twitter_card":"summary_large_image","twitter_misc":{"Scritto da":"edit@humanitas","Tempo di lettura stimato":"3 minuti"},"schema":{"@context":"https:\/\/schema.org","@graph":[{"@type":"Article","@id":"https:\/\/www.hunimed.eu\/news\/giornata-internazionale-dellinfermiere-il-nostro-studente-simone-racconta-la-sua-vocazione\/#article","isPartOf":{"@id":"https:\/\/www.hunimed.eu\/news\/giornata-internazionale-dellinfermiere-il-nostro-studente-simone-racconta-la-sua-vocazione\/"},"author":{"name":"edit@humanitas","@id":"https:\/\/www.hunimed.eu\/#\/schema\/person\/cbe85a517f5d0316033eda8329e38457"},"headline":"Giornata Internazionale dell&#8217;Infermiere: il nostro studente Simone racconta la sua vocazione","datePublished":"2021-05-12T08:00:33+00:00","mainEntityOfPage":{"@id":"https:\/\/www.hunimed.eu\/news\/giornata-internazionale-dellinfermiere-il-nostro-studente-simone-racconta-la-sua-vocazione\/"},"wordCount":559,"commentCount":0,"publisher":{"@id":"https:\/\/www.hunimed.eu\/#organization"},"image":{"@id":"https:\/\/www.hunimed.eu\/news\/giornata-internazionale-dellinfermiere-il-nostro-studente-simone-racconta-la-sua-vocazione\/#primaryimage"},"thumbnailUrl":"https:\/\/www.hunimed.eu\/wp-content\/uploads\/2025\/08\/HUNIMED-News-.png?wsr","articleSection":["Vita dello Studente"],"inLanguage":"it-IT"},{"@type":"WebPage","@id":"https:\/\/www.hunimed.eu\/news\/giornata-internazionale-dellinfermiere-il-nostro-studente-simone-racconta-la-sua-vocazione\/","url":"https:\/\/www.hunimed.eu\/news\/giornata-internazionale-dellinfermiere-il-nostro-studente-simone-racconta-la-sua-vocazione\/","name":"Giornata Internazionale dell'Infermiere: il nostro studente Simone racconta la sua vocazione - Hunimed","isPartOf":{"@id":"https:\/\/www.hunimed.eu\/#website"},"primaryImageOfPage":{"@id":"https:\/\/www.hunimed.eu\/news\/giornata-internazionale-dellinfermiere-il-nostro-studente-simone-racconta-la-sua-vocazione\/#primaryimage"},"image":{"@id":"https:\/\/www.hunimed.eu\/news\/giornata-internazionale-dellinfermiere-il-nostro-studente-simone-racconta-la-sua-vocazione\/#primaryimage"},"thumbnailUrl":"https:\/\/www.hunimed.eu\/wp-content\/uploads\/2025\/08\/HUNIMED-News-.png?wsr","datePublished":"2021-05-12T08:00:33+00:00","description":"\u00abMi sono iscritto al corso di infermieristica di 麻豆传媒AV在线看 perch\u00e9 dopo tanti anni come volontario della Croce Rossa sentivo il bisogno di avere un","breadcrumb":{"@id":"https:\/\/www.hunimed.eu\/news\/giornata-internazionale-dellinfermiere-il-nostro-studente-simone-racconta-la-sua-vocazione\/#breadcrumb"},"inLanguage":"it-IT","potentialAction":[{"@type":"ReadAction","target":["https:\/\/www.hunimed.eu\/news\/giornata-internazionale-dellinfermiere-il-nostro-studente-simone-racconta-la-sua-vocazione\/"]}]},{"@type":"ImageObject","inLanguage":"it-IT","@id":"https:\/\/www.hunimed.eu\/news\/giornata-internazionale-dellinfermiere-il-nostro-studente-simone-racconta-la-sua-vocazione\/#primaryimage","url":"https:\/\/www.hunimed.eu\/wp-content\/uploads\/2025\/08\/HUNIMED-News-.png?wsr","contentUrl":"https:\/\/www.hunimed.eu\/wp-content\/uploads\/2025\/08\/HUNIMED-News-.png?wsr","width":600,"height":320},{"@type":"BreadcrumbList","@id":"https:\/\/www.hunimed.eu\/news\/giornata-internazionale-dellinfermiere-il-nostro-studente-simone-racconta-la-sua-vocazione\/#breadcrumb","itemListElement":[{"@type":"ListItem","position":1,"name":"Home","item":"https:\/\/www.hunimed.eu\/it\/"},{"@type":"ListItem","position":2,"name":"Giornata Internazionale dell&#8217;Infermiere: il nostro studente Simone racconta la sua vocazione"}]},{"@type":"WebSite","@id":"https:\/\/www.hunimed.eu\/#website","url":"https:\/\/www.hunimed.eu\/","name":"Hunimed","description":"麻豆传媒AV在线看 University","publisher":{"@id":"https:\/\/www.hunimed.eu\/#organization"},"potentialAction":[{"@type":"SearchAction","target":{"@type":"EntryPoint","urlTemplate":"https:\/\/www.hunimed.eu\/?s={search_term_string}"},"query-input":{"@type":"PropertyValueSpecification","valueRequired":true,"valueName":"search_term_string"}}],"inLanguage":"it-IT"},{"@type":"Organization","@id":"https:\/\/www.hunimed.eu\/#organization","name":"麻豆传媒AV在线看 University","url":"https:\/\/www.hunimed.eu\/","logo":{"@type":"ImageObject","inLanguage":"it-IT","@id":"https:\/\/www.hunimed.eu\/#\/schema\/logo\/image\/","url":"https:\/\/www.hunimed.eu\/wp-content\/uploads\/2025\/06\/Logo.svg?wsr","contentUrl":"https:\/\/www.hunimed.eu\/wp-content\/uploads\/2025\/06\/Logo.svg?wsr","caption":"麻豆传媒AV在线看 University"},"image":{"@id":"https:\/\/www.hunimed.eu\/#\/schema\/logo\/image\/"},"sameAs":["https:\/\/www.facebook.com\/Hunimed\/","https:\/\/www.linkedin.com\/school\/18280267\/admin\/"]},{"@type":"Person","@id":"https:\/\/www.hunimed.eu\/#\/schema\/person\/cbe85a517f5d0316033eda8329e38457","name":"edit@humanitas","image":{"@type":"ImageObject","inLanguage":"it-IT","@id":"https:\/\/secure.gravatar.com\/avatar\/e785548038467c6e09e44311549cfa096e2b3dd02edfdfd427b584a1347e82b9?s=96&d=mm&r=g","url":"https:\/\/secure.gravatar.com\/avatar\/e785548038467c6e09e44311549cfa096e2b3dd02edfdfd427b584a1347e82b9?s=96&d=mm&r=g","contentUrl":"https:\/\/secure.gravatar.com\/avatar\/e785548038467c6e09e44311549cfa096e2b3dd02edfdfd427b584a1347e82b9?s=96&d=mm&r=g","caption":"edit@humanitas"},"url":"https:\/\/www.hunimed.eu\/it\/news\/author\/edithumanitas\/"}]}},"taxonomy_info":{"category":[{"value":2386,"label":"Vita dello Studente"}]},"featured_image_src_large":["https:\/\/www.hunimed.eu\/wp-content\/uploads\/2025\/08\/HUNIMED-News-.png?wsr",600,320,false],"author_info":{"display_name":"edit@humanitas","author_link":"https:\/\/www.hunimed.eu\/it\/news\/author\/edithumanitas\/"},"comment_info":"","category_info":[{"term_id":2386,"name":"Vita dello Studente","slug":"vita-dello-studente-5","term_group":0,"term_taxonomy_id":2386,"taxonomy":"category","description":"","parent":0,"count":94,"filter":"raw","cat_ID":2386,"category_count":94,"category_description":"","cat_name":"Vita dello Studente","category_nicename":"vita-dello-studente-5","category_parent":0}],"tag_info":false,"_links":{"self":[{"href":"https:\/\/www.hunimed.eu\/it\/wp-json\/wp\/v2\/posts\/37686","targetHints":{"allow":["GET"]}}],"collection":[{"href":"https:\/\/www.hunimed.eu\/it\/wp-json\/wp\/v2\/posts"}],"about":[{"href":"https:\/\/www.hunimed.eu\/it\/wp-json\/wp\/v2\/types\/post"}],"author":[{"embeddable":true,"href":"https:\/\/www.hunimed.eu\/it\/wp-json\/wp\/v2\/users\/16"}],"replies":[{"embeddable":true,"href":"https:\/\/www.hunimed.eu\/it\/wp-json\/wp\/v2\/comments?post=37686"}],"version-history":[{"count":0,"href":"https:\/\/www.hunimed.eu\/it\/wp-json\/wp\/v2\/posts\/37686\/revisions"}],"wp:featuredmedia":[{"embeddable":true,"href":"https:\/\/www.hunimed.eu\/it\/wp-json\/wp\/v2\/media\/4381"}],"wp:attachment":[{"href":"https:\/\/www.hunimed.eu\/it\/wp-json\/wp\/v2\/media?parent=37686"}],"wp:term":[{"taxonomy":"category","embeddable":true,"href":"https:\/\/www.hunimed.eu\/it\/wp-json\/wp\/v2\/categories?post=37686"},{"taxonomy":"post_tag","embeddable":true,"href":"https:\/\/www.hunimed.eu\/it\/wp-json\/wp\/v2\/tags?post=37686"}],"curies":[{"name":"wp","href":"https:\/\/api.w.org\/{rel}","templated":true}]}}