  {"id":37685,"date":"2021-05-10T10:00:57","date_gmt":"2021-05-10T10:00:57","guid":{"rendered":"https:\/\/www.hunimed.eu\/news\/cinque-studenti-di-infermieristica-raccontano-il-loro-tirocinio-nel-reparto-di-terapia-intensiva-allospedale-fiera-milano\/"},"modified":"2021-05-10T10:00:57","modified_gmt":"2021-05-10T10:00:57","slug":"cinque-studenti-di-infermieristica-raccontano-il-loro-tirocinio-nel-reparto-di-terapia-intensiva-allospedale-fiera-milano","status":"publish","type":"post","link":"https:\/\/www.hunimed.eu\/it\/news\/cinque-studenti-di-infermieristica-raccontano-il-loro-tirocinio-nel-reparto-di-terapia-intensiva-allospedale-fiera-milano\/","title":{"rendered":"Cinque studenti di Infermieristica raccontano il loro tirocinio nel reparto di terapia intensiva all\u2019Ospedale Fiera Milano"},"content":{"rendered":"<p>Un tirocinio di sei settimane nell\u2019Ospedale in Fiera di Milano, allestito per far fronte all\u2019emergenza sanitaria e dove ci sono circa 200 posti di terapia intensiva tutti dedicati al Covid: notte e giorno sul campo per capire come curare gli oltre 50 pazienti attualmente ospitati e come poter salvare loro la vita. \u00c8 questa l\u2019esperienza che hanno fatto cinque studenti del corso di laurea triennale di infermieristica dell\u2019麻豆传媒AV在线看 University di Milano. Si tratta di Claudia, 22 anni; Gaia, 22 anni; Camilla, 22 anni; Martina, 21 anni e Matteo, 23 anni.<\/p>\n<p>Dal 25 marzo al 9 maggio, gli aspiranti infermieri hanno potuto toccare con mano cosa vuol dire lavorare nel reparto pi\u00f9 duro dell\u2019ospedale \u2013 la Rianimazione \u2013 e hanno dovuto fare i conti con un virus che fino a un anno e mezzo fa era del tutto sconosciuto. \u00abAmmetto che si \u00e8 trattato di <strong>un\u2019esperienza estremamente impattante<\/strong>, da molteplici punti di vista\u00bb, spiega Gaia, che nel corso del percorso si \u00e8 \u00abtrovata ad assistere pazienti con la stessa et\u00e0 dei miei genitori, circa 50 anni, che in alcuni casi, purtroppo, non ce l\u2019hanno fatta. Questo \u00e8 stato sicuramente l\u2019aspetto che pi\u00f9 ha impattato psicologicamente ed emotivamente\u00bb. Per Gaia quello in Fiera \u00e8 stato \u00aballo stesso tempo una esperienza molto soddisfacente, durante la quale ho potuto <strong>mettermi alla prova<\/strong> in una struttura emergenziale creata apposta per questa pandemia. In generale mi ritengo fortunata \u2013 chiarisce Gaia \u2013 di aver svolto questa esperienza, per quanto impattante emotivamente e psicologicamente, poich\u00e9 mi ha permesso di crescere e acquisire una maggiore consapevolezza <strong>come persona e come futura infermiera<\/strong>\u00bb.<\/p>\n<p>Anche la sua collega Claudia si ritiene \u00abfortunata\u00bb per l\u2019esperienza in Fiera perch\u00e9 \u00abmi sta dando modo di crescere e <strong>prendere consapevolezza di me stessa<\/strong>. Sicuramente non \u00e8 facile, ci sono stati tanti gradini da superare, ma credo siano tutti essenziali per arrivare a conoscere la professionista che vorr\u00f2 diventare in un futuro ormai vicinissimo. Rapportarmi con malati cos\u00ec fragili e complessi \u2013 racconta Claudia \u2013 mi fa talvolta pensare di essere cresciuta un pochino pi\u00f9 in fretta rispetto ad altri ragazzi della mia et\u00e0\u00bb.<\/p>\n<p>Certo un tirocinio di questo tipo ha avuto ritmi anche molto serrati, come dice Camilla: \u00abI turni sono di otto ore per la mattina e altrettante per il pomeriggio, mentre di notte sono dieci ore. Essendo pazienti fragili e critici affetti da Covid-19, sono spesso sedati e richiedono cure ancora maggiori, tanto che il lavoro all\u2019interno del reparto si svolge attraverso un\u2019\u00e9quipe composta da pi\u00f9 professionisti, come medici, infermieri, fisioterapisti e operatori socio-sanitari con cui anche noi studenti <strong>riusciamo a confrontarci<\/strong> liberamente entrando cos\u00ec anche noi a farne parte, creando un <strong>rapporto di fiducia e di comunicazione efficace<\/strong>\u00bb.<\/p>\n<p>L\u2019esperienza, seppur dura e sicuramente ad alto impatto emotivo, ha lasciato per\u00f2 in questi futuri infermieri un bellissimo ricordo e soprattutto ha rinfocolato la loro passione. Racconta Matteo: \u00abQueste settimane all\u2019Ospedale in Fiera mi sono piaciute molto, sento di aver aggiunto un tassello importante per il mio futuro. Infatti ho capito che una volta concluso il percorso di laurea vorrei <strong>lavorare in un reparto di Terapia Intensiva<\/strong>, perch\u00e9 sento di poter usare in modo pi\u00f9 corretto quello che ho imparato al servizio di poche persone, che posso seguire pi\u00f9 da vicino\u00bb.<\/p>\n<p>Dello stesso parere \u00e8 anche Martina, che confessa che \u00aball\u2019inizio ci sono state tante insicurezze sia legate all\u2019ambiente che alla malattia stessa. Ma al termine di questa esperienza, aggiunge, mi sono resa conto che \u00e8 stata davvero molto coinvolgente, sotto ogni punto di vista. Ho imparato tanto, sono cresciuta sia come futura infermiera che come persona. E per questo \u2013 conclude \u2013 <strong>non vedo l\u2019ora di laurearmi<\/strong> per poter poi <strong>dedicare<\/strong> tutto il mio tempo ed energie a un\u2019area critica come la Rianimazione\u00bb.<\/p>\n","protected":false},"excerpt":{"rendered":"<p>Un tirocinio di sei settimane nell\u2019Ospedale in Fiera di Milano, allestito per far fronte all\u2019emergenza sanitaria e dove ci sono circa 200 posti di terapia intensiva tutti dedicati al Covid: notte e giorno sul campo per capire come curare gli oltre 50 pazienti attualmente ospitati e come poter salvare loro la vita. \u00c8 questa l\u2019esperienza [&hellip;]<\/p>\n","protected":false},"author":16,"featured_media":18035,"comment_status":"open","ping_status":"open","sticky":false,"template":"","format":"standard","meta":{"_acf_changed":false,"_kad_blocks_custom_css":"","_kad_blocks_head_custom_js":"","_kad_blocks_body_custom_js":"","_kad_blocks_footer_custom_js":"","footnotes":""},"categories":[1675,2386],"tags":[],"class_list":["post-37685","post","type-post","status-publish","format-standard","has-post-thumbnail","hentry","category-covid-19-2","category-vita-dello-studente-5"],"acf":[],"yoast_head":"<!-- This site is optimized with the Yoast SEO plugin v27.2 - https:\/\/yoast.com\/product\/yoast-seo-wordpress\/ -->\n<title>Cinque studenti di Infermieristica raccontano il loro tirocinio nel reparto di terapia intensiva all\u2019Ospedale Fiera Milano - Hunimed<\/title>\n<meta name=\"description\" content=\"Un tirocinio di sei settimane nell\u2019Ospedale in Fiera di Milano, allestito per far fronte all\u2019emergenza sanitaria e dove ci sono circa 200 posti di terapia\" \/>\n<meta name=\"robots\" content=\"index, follow, max-snippet:-1, max-image-preview:large, max-video-preview:-1\" \/>\n<link rel=\"canonical\" href=\"https:\/\/www.hunimed.eu\/news\/cinque-studenti-di-infermieristica-raccontano-il-loro-tirocinio-nel-reparto-di-terapia-intensiva-allospedale-fiera-milano\/\" \/>\n<meta property=\"og:locale\" content=\"it_IT\" \/>\n<meta property=\"og:type\" content=\"article\" \/>\n<meta property=\"og:title\" content=\"Cinque studenti di Infermieristica raccontano il loro tirocinio nel reparto di terapia intensiva all\u2019Ospedale Fiera Milano - Hunimed\" \/>\n<meta property=\"og:description\" content=\"Un tirocinio di sei settimane nell\u2019Ospedale in Fiera di Milano, allestito per far fronte all\u2019emergenza sanitaria e dove ci sono circa 200 posti di terapia\" \/>\n<meta property=\"og:url\" content=\"https:\/\/www.hunimed.eu\/news\/cinque-studenti-di-infermieristica-raccontano-il-loro-tirocinio-nel-reparto-di-terapia-intensiva-allospedale-fiera-milano\/\" \/>\n<meta property=\"og:site_name\" content=\"Hunimed\" \/>\n<meta property=\"article:publisher\" content=\"https:\/\/www.facebook.com\/Hunimed\/\" \/>\n<meta property=\"article:published_time\" content=\"2021-05-10T10:00:57+00:00\" \/>\n<meta property=\"og:image\" content=\"https:\/\/www.hunimed.eu\/wp-content\/uploads\/2025\/08\/Infermieri.png\" \/>\n\t<meta property=\"og:image:width\" content=\"600\" \/>\n\t<meta property=\"og:image:height\" content=\"320\" \/>\n\t<meta property=\"og:image:type\" content=\"image\/png\" \/>\n<meta name=\"author\" content=\"edit@humanitas\" \/>\n<meta name=\"twitter:card\" content=\"summary_large_image\" \/>\n<meta name=\"twitter:label1\" content=\"Scritto da\" \/>\n\t<meta name=\"twitter:data1\" content=\"edit@humanitas\" \/>\n\t<meta name=\"twitter:label2\" content=\"Tempo di lettura stimato\" \/>\n\t<meta name=\"twitter:data2\" content=\"3 minuti\" \/>\n<script type=\"application\/ld+json\" class=\"yoast-schema-graph\">{\"@context\":\"https:\/\/schema.org\",\"@graph\":[{\"@type\":\"Article\",\"@id\":\"https:\/\/www.hunimed.eu\/news\/cinque-studenti-di-infermieristica-raccontano-il-loro-tirocinio-nel-reparto-di-terapia-intensiva-allospedale-fiera-milano\/#article\",\"isPartOf\":{\"@id\":\"https:\/\/www.hunimed.eu\/news\/cinque-studenti-di-infermieristica-raccontano-il-loro-tirocinio-nel-reparto-di-terapia-intensiva-allospedale-fiera-milano\/\"},\"author\":{\"name\":\"edit@humanitas\",\"@id\":\"https:\/\/www.hunimed.eu\/#\/schema\/person\/cbe85a517f5d0316033eda8329e38457\"},\"headline\":\"Cinque studenti di Infermieristica raccontano il loro tirocinio nel reparto di terapia intensiva all\u2019Ospedale Fiera Milano\",\"datePublished\":\"2021-05-10T10:00:57+00:00\",\"mainEntityOfPage\":{\"@id\":\"https:\/\/www.hunimed.eu\/news\/cinque-studenti-di-infermieristica-raccontano-il-loro-tirocinio-nel-reparto-di-terapia-intensiva-allospedale-fiera-milano\/\"},\"wordCount\":629,\"commentCount\":0,\"publisher\":{\"@id\":\"https:\/\/www.hunimed.eu\/#organization\"},\"image\":{\"@id\":\"https:\/\/www.hunimed.eu\/news\/cinque-studenti-di-infermieristica-raccontano-il-loro-tirocinio-nel-reparto-di-terapia-intensiva-allospedale-fiera-milano\/#primaryimage\"},\"thumbnailUrl\":\"https:\/\/www.hunimed.eu\/wp-content\/uploads\/2025\/08\/Infermieri.png?wsr\",\"articleSection\":[\"Covid-19\",\"Vita dello Studente\"],\"inLanguage\":\"it-IT\"},{\"@type\":\"WebPage\",\"@id\":\"https:\/\/www.hunimed.eu\/news\/cinque-studenti-di-infermieristica-raccontano-il-loro-tirocinio-nel-reparto-di-terapia-intensiva-allospedale-fiera-milano\/\",\"url\":\"https:\/\/www.hunimed.eu\/news\/cinque-studenti-di-infermieristica-raccontano-il-loro-tirocinio-nel-reparto-di-terapia-intensiva-allospedale-fiera-milano\/\",\"name\":\"Cinque studenti di Infermieristica raccontano il loro tirocinio nel reparto di terapia intensiva all\u2019Ospedale Fiera Milano - Hunimed\",\"isPartOf\":{\"@id\":\"https:\/\/www.hunimed.eu\/#website\"},\"primaryImageOfPage\":{\"@id\":\"https:\/\/www.hunimed.eu\/news\/cinque-studenti-di-infermieristica-raccontano-il-loro-tirocinio-nel-reparto-di-terapia-intensiva-allospedale-fiera-milano\/#primaryimage\"},\"image\":{\"@id\":\"https:\/\/www.hunimed.eu\/news\/cinque-studenti-di-infermieristica-raccontano-il-loro-tirocinio-nel-reparto-di-terapia-intensiva-allospedale-fiera-milano\/#primaryimage\"},\"thumbnailUrl\":\"https:\/\/www.hunimed.eu\/wp-content\/uploads\/2025\/08\/Infermieri.png?wsr\",\"datePublished\":\"2021-05-10T10:00:57+00:00\",\"description\":\"Un tirocinio di sei settimane nell\u2019Ospedale in Fiera di Milano, allestito per far fronte all\u2019emergenza sanitaria e dove ci sono circa 200 posti di terapia\",\"breadcrumb\":{\"@id\":\"https:\/\/www.hunimed.eu\/news\/cinque-studenti-di-infermieristica-raccontano-il-loro-tirocinio-nel-reparto-di-terapia-intensiva-allospedale-fiera-milano\/#breadcrumb\"},\"inLanguage\":\"it-IT\",\"potentialAction\":[{\"@type\":\"ReadAction\",\"target\":[\"https:\/\/www.hunimed.eu\/news\/cinque-studenti-di-infermieristica-raccontano-il-loro-tirocinio-nel-reparto-di-terapia-intensiva-allospedale-fiera-milano\/\"]}]},{\"@type\":\"ImageObject\",\"inLanguage\":\"it-IT\",\"@id\":\"https:\/\/www.hunimed.eu\/news\/cinque-studenti-di-infermieristica-raccontano-il-loro-tirocinio-nel-reparto-di-terapia-intensiva-allospedale-fiera-milano\/#primaryimage\",\"url\":\"https:\/\/www.hunimed.eu\/wp-content\/uploads\/2025\/08\/Infermieri.png?wsr\",\"contentUrl\":\"https:\/\/www.hunimed.eu\/wp-content\/uploads\/2025\/08\/Infermieri.png?wsr\",\"width\":600,\"height\":320},{\"@type\":\"BreadcrumbList\",\"@id\":\"https:\/\/www.hunimed.eu\/news\/cinque-studenti-di-infermieristica-raccontano-il-loro-tirocinio-nel-reparto-di-terapia-intensiva-allospedale-fiera-milano\/#breadcrumb\",\"itemListElement\":[{\"@type\":\"ListItem\",\"position\":1,\"name\":\"Home\",\"item\":\"https:\/\/www.hunimed.eu\/it\/\"},{\"@type\":\"ListItem\",\"position\":2,\"name\":\"Cinque studenti di Infermieristica raccontano il loro tirocinio nel reparto di terapia intensiva all\u2019Ospedale Fiera Milano\"}]},{\"@type\":\"WebSite\",\"@id\":\"https:\/\/www.hunimed.eu\/#website\",\"url\":\"https:\/\/www.hunimed.eu\/\",\"name\":\"Hunimed\",\"description\":\"麻豆传媒AV在线看 University\",\"publisher\":{\"@id\":\"https:\/\/www.hunimed.eu\/#organization\"},\"potentialAction\":[{\"@type\":\"SearchAction\",\"target\":{\"@type\":\"EntryPoint\",\"urlTemplate\":\"https:\/\/www.hunimed.eu\/?s={search_term_string}\"},\"query-input\":{\"@type\":\"PropertyValueSpecification\",\"valueRequired\":true,\"valueName\":\"search_term_string\"}}],\"inLanguage\":\"it-IT\"},{\"@type\":\"Organization\",\"@id\":\"https:\/\/www.hunimed.eu\/#organization\",\"name\":\"麻豆传媒AV在线看 University\",\"url\":\"https:\/\/www.hunimed.eu\/\",\"logo\":{\"@type\":\"ImageObject\",\"inLanguage\":\"it-IT\",\"@id\":\"https:\/\/www.hunimed.eu\/#\/schema\/logo\/image\/\",\"url\":\"https:\/\/www.hunimed.eu\/wp-content\/uploads\/2025\/06\/Logo.svg?wsr\",\"contentUrl\":\"https:\/\/www.hunimed.eu\/wp-content\/uploads\/2025\/06\/Logo.svg?wsr\",\"caption\":\"麻豆传媒AV在线看 University\"},\"image\":{\"@id\":\"https:\/\/www.hunimed.eu\/#\/schema\/logo\/image\/\"},\"sameAs\":[\"https:\/\/www.facebook.com\/Hunimed\/\",\"https:\/\/www.linkedin.com\/school\/18280267\/admin\/\"]},{\"@type\":\"Person\",\"@id\":\"https:\/\/www.hunimed.eu\/#\/schema\/person\/cbe85a517f5d0316033eda8329e38457\",\"name\":\"edit@humanitas\",\"image\":{\"@type\":\"ImageObject\",\"inLanguage\":\"it-IT\",\"@id\":\"https:\/\/secure.gravatar.com\/avatar\/e785548038467c6e09e44311549cfa096e2b3dd02edfdfd427b584a1347e82b9?s=96&d=mm&r=g\",\"url\":\"https:\/\/secure.gravatar.com\/avatar\/e785548038467c6e09e44311549cfa096e2b3dd02edfdfd427b584a1347e82b9?s=96&d=mm&r=g\",\"contentUrl\":\"https:\/\/secure.gravatar.com\/avatar\/e785548038467c6e09e44311549cfa096e2b3dd02edfdfd427b584a1347e82b9?s=96&d=mm&r=g\",\"caption\":\"edit@humanitas\"},\"url\":\"https:\/\/www.hunimed.eu\/it\/news\/author\/edithumanitas\/\"}]}<\/script>\n<!-- \/ Yoast SEO plugin. -->","yoast_head_json":{"title":"Cinque studenti di Infermieristica raccontano il loro tirocinio nel reparto di terapia intensiva all\u2019Ospedale Fiera Milano - Hunimed","description":"Un tirocinio di sei settimane nell\u2019Ospedale in Fiera di Milano, allestito per far fronte all\u2019emergenza sanitaria e dove ci sono circa 200 posti di terapia","robots":{"index":"index","follow":"follow","max-snippet":"max-snippet:-1","max-image-preview":"max-image-preview:large","max-video-preview":"max-video-preview:-1"},"canonical":"https:\/\/www.hunimed.eu\/news\/cinque-studenti-di-infermieristica-raccontano-il-loro-tirocinio-nel-reparto-di-terapia-intensiva-allospedale-fiera-milano\/","og_locale":"it_IT","og_type":"article","og_title":"Cinque studenti di Infermieristica raccontano il loro tirocinio nel reparto di terapia intensiva all\u2019Ospedale Fiera Milano - Hunimed","og_description":"Un tirocinio di sei settimane nell\u2019Ospedale in Fiera di Milano, allestito per far fronte all\u2019emergenza sanitaria e dove ci sono circa 200 posti di terapia","og_url":"https:\/\/www.hunimed.eu\/news\/cinque-studenti-di-infermieristica-raccontano-il-loro-tirocinio-nel-reparto-di-terapia-intensiva-allospedale-fiera-milano\/","og_site_name":"Hunimed","article_publisher":"https:\/\/www.facebook.com\/Hunimed\/","article_published_time":"2021-05-10T10:00:57+00:00","og_image":[{"width":600,"height":320,"url":"https:\/\/www.hunimed.eu\/wp-content\/uploads\/2025\/08\/Infermieri.png","type":"image\/png"}],"author":"edit@humanitas","twitter_card":"summary_large_image","twitter_misc":{"Scritto da":"edit@humanitas","Tempo di lettura stimato":"3 minuti"},"schema":{"@context":"https:\/\/schema.org","@graph":[{"@type":"Article","@id":"https:\/\/www.hunimed.eu\/news\/cinque-studenti-di-infermieristica-raccontano-il-loro-tirocinio-nel-reparto-di-terapia-intensiva-allospedale-fiera-milano\/#article","isPartOf":{"@id":"https:\/\/www.hunimed.eu\/news\/cinque-studenti-di-infermieristica-raccontano-il-loro-tirocinio-nel-reparto-di-terapia-intensiva-allospedale-fiera-milano\/"},"author":{"name":"edit@humanitas","@id":"https:\/\/www.hunimed.eu\/#\/schema\/person\/cbe85a517f5d0316033eda8329e38457"},"headline":"Cinque studenti di Infermieristica raccontano il loro tirocinio nel reparto di terapia intensiva all\u2019Ospedale Fiera Milano","datePublished":"2021-05-10T10:00:57+00:00","mainEntityOfPage":{"@id":"https:\/\/www.hunimed.eu\/news\/cinque-studenti-di-infermieristica-raccontano-il-loro-tirocinio-nel-reparto-di-terapia-intensiva-allospedale-fiera-milano\/"},"wordCount":629,"commentCount":0,"publisher":{"@id":"https:\/\/www.hunimed.eu\/#organization"},"image":{"@id":"https:\/\/www.hunimed.eu\/news\/cinque-studenti-di-infermieristica-raccontano-il-loro-tirocinio-nel-reparto-di-terapia-intensiva-allospedale-fiera-milano\/#primaryimage"},"thumbnailUrl":"https:\/\/www.hunimed.eu\/wp-content\/uploads\/2025\/08\/Infermieri.png?wsr","articleSection":["Covid-19","Vita dello Studente"],"inLanguage":"it-IT"},{"@type":"WebPage","@id":"https:\/\/www.hunimed.eu\/news\/cinque-studenti-di-infermieristica-raccontano-il-loro-tirocinio-nel-reparto-di-terapia-intensiva-allospedale-fiera-milano\/","url":"https:\/\/www.hunimed.eu\/news\/cinque-studenti-di-infermieristica-raccontano-il-loro-tirocinio-nel-reparto-di-terapia-intensiva-allospedale-fiera-milano\/","name":"Cinque studenti di Infermieristica raccontano il loro tirocinio nel reparto di terapia intensiva all\u2019Ospedale Fiera Milano - Hunimed","isPartOf":{"@id":"https:\/\/www.hunimed.eu\/#website"},"primaryImageOfPage":{"@id":"https:\/\/www.hunimed.eu\/news\/cinque-studenti-di-infermieristica-raccontano-il-loro-tirocinio-nel-reparto-di-terapia-intensiva-allospedale-fiera-milano\/#primaryimage"},"image":{"@id":"https:\/\/www.hunimed.eu\/news\/cinque-studenti-di-infermieristica-raccontano-il-loro-tirocinio-nel-reparto-di-terapia-intensiva-allospedale-fiera-milano\/#primaryimage"},"thumbnailUrl":"https:\/\/www.hunimed.eu\/wp-content\/uploads\/2025\/08\/Infermieri.png?wsr","datePublished":"2021-05-10T10:00:57+00:00","description":"Un tirocinio di sei settimane nell\u2019Ospedale in Fiera di Milano, allestito per far fronte all\u2019emergenza sanitaria e dove ci sono circa 200 posti di terapia","breadcrumb":{"@id":"https:\/\/www.hunimed.eu\/news\/cinque-studenti-di-infermieristica-raccontano-il-loro-tirocinio-nel-reparto-di-terapia-intensiva-allospedale-fiera-milano\/#breadcrumb"},"inLanguage":"it-IT","potentialAction":[{"@type":"ReadAction","target":["https:\/\/www.hunimed.eu\/news\/cinque-studenti-di-infermieristica-raccontano-il-loro-tirocinio-nel-reparto-di-terapia-intensiva-allospedale-fiera-milano\/"]}]},{"@type":"ImageObject","inLanguage":"it-IT","@id":"https:\/\/www.hunimed.eu\/news\/cinque-studenti-di-infermieristica-raccontano-il-loro-tirocinio-nel-reparto-di-terapia-intensiva-allospedale-fiera-milano\/#primaryimage","url":"https:\/\/www.hunimed.eu\/wp-content\/uploads\/2025\/08\/Infermieri.png?wsr","contentUrl":"https:\/\/www.hunimed.eu\/wp-content\/uploads\/2025\/08\/Infermieri.png?wsr","width":600,"height":320},{"@type":"BreadcrumbList","@id":"https:\/\/www.hunimed.eu\/news\/cinque-studenti-di-infermieristica-raccontano-il-loro-tirocinio-nel-reparto-di-terapia-intensiva-allospedale-fiera-milano\/#breadcrumb","itemListElement":[{"@type":"ListItem","position":1,"name":"Home","item":"https:\/\/www.hunimed.eu\/it\/"},{"@type":"ListItem","position":2,"name":"Cinque studenti di Infermieristica raccontano il loro tirocinio nel reparto di terapia intensiva all\u2019Ospedale Fiera Milano"}]},{"@type":"WebSite","@id":"https:\/\/www.hunimed.eu\/#website","url":"https:\/\/www.hunimed.eu\/","name":"Hunimed","description":"麻豆传媒AV在线看 University","publisher":{"@id":"https:\/\/www.hunimed.eu\/#organization"},"potentialAction":[{"@type":"SearchAction","target":{"@type":"EntryPoint","urlTemplate":"https:\/\/www.hunimed.eu\/?s={search_term_string}"},"query-input":{"@type":"PropertyValueSpecification","valueRequired":true,"valueName":"search_term_string"}}],"inLanguage":"it-IT"},{"@type":"Organization","@id":"https:\/\/www.hunimed.eu\/#organization","name":"麻豆传媒AV在线看 University","url":"https:\/\/www.hunimed.eu\/","logo":{"@type":"ImageObject","inLanguage":"it-IT","@id":"https:\/\/www.hunimed.eu\/#\/schema\/logo\/image\/","url":"https:\/\/www.hunimed.eu\/wp-content\/uploads\/2025\/06\/Logo.svg?wsr","contentUrl":"https:\/\/www.hunimed.eu\/wp-content\/uploads\/2025\/06\/Logo.svg?wsr","caption":"麻豆传媒AV在线看 University"},"image":{"@id":"https:\/\/www.hunimed.eu\/#\/schema\/logo\/image\/"},"sameAs":["https:\/\/www.facebook.com\/Hunimed\/","https:\/\/www.linkedin.com\/school\/18280267\/admin\/"]},{"@type":"Person","@id":"https:\/\/www.hunimed.eu\/#\/schema\/person\/cbe85a517f5d0316033eda8329e38457","name":"edit@humanitas","image":{"@type":"ImageObject","inLanguage":"it-IT","@id":"https:\/\/secure.gravatar.com\/avatar\/e785548038467c6e09e44311549cfa096e2b3dd02edfdfd427b584a1347e82b9?s=96&d=mm&r=g","url":"https:\/\/secure.gravatar.com\/avatar\/e785548038467c6e09e44311549cfa096e2b3dd02edfdfd427b584a1347e82b9?s=96&d=mm&r=g","contentUrl":"https:\/\/secure.gravatar.com\/avatar\/e785548038467c6e09e44311549cfa096e2b3dd02edfdfd427b584a1347e82b9?s=96&d=mm&r=g","caption":"edit@humanitas"},"url":"https:\/\/www.hunimed.eu\/it\/news\/author\/edithumanitas\/"}]}},"taxonomy_info":{"category":[{"value":1675,"label":"Covid-19"},{"value":2386,"label":"Vita dello Studente"}]},"featured_image_src_large":["https:\/\/www.hunimed.eu\/wp-content\/uploads\/2025\/08\/Infermieri.png?wsr",600,320,false],"author_info":{"display_name":"edit@humanitas","author_link":"https:\/\/www.hunimed.eu\/it\/news\/author\/edithumanitas\/"},"comment_info":"","category_info":[{"term_id":1675,"name":"Covid-19","slug":"covid-19-2","term_group":0,"term_taxonomy_id":1675,"taxonomy":"category","description":"","parent":0,"count":35,"filter":"raw","cat_ID":1675,"category_count":35,"category_description":"","cat_name":"Covid-19","category_nicename":"covid-19-2","category_parent":0},{"term_id":2386,"name":"Vita dello Studente","slug":"vita-dello-studente-5","term_group":0,"term_taxonomy_id":2386,"taxonomy":"category","description":"","parent":0,"count":94,"filter":"raw","cat_ID":2386,"category_count":94,"category_description":"","cat_name":"Vita dello Studente","category_nicename":"vita-dello-studente-5","category_parent":0}],"tag_info":false,"_links":{"self":[{"href":"https:\/\/www.hunimed.eu\/it\/wp-json\/wp\/v2\/posts\/37685","targetHints":{"allow":["GET"]}}],"collection":[{"href":"https:\/\/www.hunimed.eu\/it\/wp-json\/wp\/v2\/posts"}],"about":[{"href":"https:\/\/www.hunimed.eu\/it\/wp-json\/wp\/v2\/types\/post"}],"author":[{"embeddable":true,"href":"https:\/\/www.hunimed.eu\/it\/wp-json\/wp\/v2\/users\/16"}],"replies":[{"embeddable":true,"href":"https:\/\/www.hunimed.eu\/it\/wp-json\/wp\/v2\/comments?post=37685"}],"version-history":[{"count":0,"href":"https:\/\/www.hunimed.eu\/it\/wp-json\/wp\/v2\/posts\/37685\/revisions"}],"wp:featuredmedia":[{"embeddable":true,"href":"https:\/\/www.hunimed.eu\/it\/wp-json\/wp\/v2\/media\/18035"}],"wp:attachment":[{"href":"https:\/\/www.hunimed.eu\/it\/wp-json\/wp\/v2\/media?parent=37685"}],"wp:term":[{"taxonomy":"category","embeddable":true,"href":"https:\/\/www.hunimed.eu\/it\/wp-json\/wp\/v2\/categories?post=37685"},{"taxonomy":"post_tag","embeddable":true,"href":"https:\/\/www.hunimed.eu\/it\/wp-json\/wp\/v2\/tags?post=37685"}],"curies":[{"name":"wp","href":"https:\/\/api.w.org\/{rel}","templated":true}]}}