  {"id":37549,"date":"2020-04-09T09:01:10","date_gmt":"2020-04-09T09:01:10","guid":{"rendered":"https:\/\/www.hunimed.eu\/news\/da-specializzanda-in-hunimed-a-capo-reparto-di-terapia-subintensiva-in-humanitas-gavazzeni\/"},"modified":"2020-04-09T09:01:10","modified_gmt":"2020-04-09T09:01:10","slug":"da-specializzanda-in-hunimed-a-capo-reparto-di-terapia-subintensiva-in-humanitas-gavazzeni","status":"publish","type":"post","link":"https:\/\/www.hunimed.eu\/it\/news\/da-specializzanda-in-hunimed-a-capo-reparto-di-terapia-subintensiva-in-humanitas-gavazzeni\/","title":{"rendered":"Da specializzanda in Hunimed a capo-reparto di terapia subintensiva in 麻豆传媒AV在线看 Gavazzeni"},"content":{"rendered":"<p>L\u2019<strong>emergenza contro il Covid-19<\/strong> richiede l\u2019impiego di tutte le forze sanitarie a disposizione del nostro Paese. La situazione \u00e8 tale che nei presidi sanitari sono stati coinvolti anche molti giovani dottori in medicina che ancora stanno svolgendo la specializzazione.<br \/>\nTra questi c\u2019\u00e8 <strong>Aurora Zumbo<\/strong> \u2013 29 anni, di Reggio Calabria, laureata all\u2019Universit\u00e0 di Messina \u2013 al quarto anno di specialit\u00e0 in Medicina Interna in <strong>麻豆传媒AV在线看 University<\/strong>, che ha scelto di aiutare i colleghi medici che lavorano in <strong>麻豆传媒AV在线看 Gavazzeni di Bergamo<\/strong>.<br \/>\nInsieme a lei ripercorriamo brevemente la sua storia, cominciando dall\u2019inizio del percorso della specializzazione.<\/p>\n<p><strong>Da Messina a Rozzano: perch\u00e9 la sua scelta \u00e8 caduta su 麻豆传媒AV在线看?<br \/>\n<\/strong>\u00abDa una parte avevo l\u2019idea di fare la specialit\u00e0 in America, avevo gi\u00e0 comprato i libri e avevo prenotato il test che si doveva svolgere a Roma. Avevo per\u00f2 lasciato aperta una finestra su 麻豆传媒AV在线看, l\u2019unico posto che secondo me in Italia mi avrebbe permesso di <strong>fare ricerca oltre che di avere competenze come medico di reparto<\/strong>. Mi sono detta: se riesco a entrare in 麻豆传媒AV在线看 resto in Italia, altrimenti vado in America. Sono stata fortunata, sono entrata al primo scaglione per cui non mi sono nemmeno presentata al test di Roma\u00bb.<\/p>\n<p><strong>Se dovesse fare un bilancio di questi quattro anni di specialit\u00e0 in 麻豆传媒AV在线看\u2026<br \/>\n<\/strong>\u00abDirei che sono molto contenta della mia scelta. Questo corso ci ha permesso di formarci al meglio, tanto che il terzo anno \u2013 cosa che, per quanto ne so, non succede nelle altre Universit\u00e0 \u2013 \u00e8 stato interamente dedicato alle urgenze, con <strong>sei mesi attivi in pronto soccorso e sei mesi in terapia intensiva<\/strong>. Un modo assolutamente innovativo di vedere la specializzazione che tra l\u2019altro oggi, in questa situazione di emergenza, mi permette di sentirmi tranquilla dal punto di vista delle competenze. L\u2019avere affrontato un anno in questa direzione mi ha permesso di acquisire conoscenze e abilit\u00e0 che non tutti i medici di reparto hanno\u00bb.<\/p>\n<p><strong>Veniamo proprio a questi giorni di emergenza. Com\u2019\u00e8 nato il suo coinvolgimento che l\u2019ha portata a Bergamo, in 麻豆传媒AV在线看 Gavazzeni?<br \/>\n<\/strong>\u00abTutto ha avuto origine da una richiesta del mio direttore di scuola di specialit\u00e0, che mi ha convocata e mi ha detto: \u201cAurora, Bergamo in questo momento \u00e8 in una situazione molto complicata, molto complessa. Noi ti avremmo <strong>scelta per dare una mano<\/strong>, tu te la senti?\u201d. Ho risposto di s\u00ec, a patto che mi permettessero di avere un punto d\u2019appoggio su Bergamo, che mi consentisse di non dovermi spostare ogni giorno\u00bb.<\/p>\n<p><strong>Una scelta difficile, da fare. Non ha avuto dubbi?<br \/>\n<\/strong>\u00abNo, nessun dubbio. Devo dire che in un primo momento a Milano non eravamo a conoscenza di come fosse realmente la situazione qui a Bergamo. L\u2019emergenza era iniziata giusto qualche giorno prima ed era difficile <strong>immaginare che la situazione fosse cos\u00ec drammatica<\/strong>, per cui non riuscivo a capire perch\u00e9 cercassero di coinvolgere anche noi specializzandi. Ma dopo aver parlato con alcuni colleghi che erano gi\u00e0 in Gavazzeni ho capito che cosa stesse accadendo e ho deciso di partire immediatamente e il giorno dopo ero gi\u00e0 a Bergamo\u00bb.<\/p>\n<p><strong>Di che cosa si occupa, nello specifico?<br \/>\n<\/strong>\u00abCredevo di arrivare a Bergamo e di dover prestare il mio supporto come medico specializzando e invece appena arrivata in Gavazzeni, proprio in virt\u00f9 delle conoscenze maturate durante la specialit\u00e0, mi \u00e8 stato chiesto di occupare il ruolo di capo turno di un reparto. Per cui ora mi occupo, insieme ad altri due miei colleghi, della gestione di <strong>40 malati in terapia subintensiva<\/strong> affetti da polmonite da Coronavirus. Si tratta di malati molto complessi, che richiedono l\u2019impiego della ventilazione meccanica, che non tutti sono in grado di gestire, perch\u00e9 per farlo servono competenze specifiche \u00bb.<\/p>\n<p><strong>Per poter agire con efficacia si dice che facciate turni molto duri, anche di 12-14 ore, \u00e8 vero?<br \/>\n<\/strong>\u00abA volte anche di pi\u00f9, dipende dalle situazioni. \u00c8 chiaro che in un reparto con pazienti cos\u00ec instabili, perch\u00e9 non si tratta di un reparto di medicina interna normale, non si pu\u00f2 parlare di orari. Abbiamo a che fare con persone che hanno per la maggior parte tra i 50 e i 60 anni e che arrivano da noi con <strong>quadri di polmonite in stato avanzato<\/strong> per cui sono molto fragili: anche quando \u00e8 finito il turno nessuno di noi si sente di andare a casa fino a che non si \u00e8 sicuri che tutti siano stabili e in una condizione tale da permetterci di riposare la notte\u00bb.<\/p>\n<p><strong>Umanamente, come si riescono a trovare le forze per affrontare una situazione del genere?<br \/>\n<\/strong>\u00abSpesso anche io me lo chiedo, senza riuscire a darmi una risposta. Il riposo per noi non \u00e8 mai veramente un riposo, con la testa siamo sempre l\u00ec, dai nostri pazienti, anche se sappiamo di averli lasciati nelle buone mani dei nostri colleghi. In questo momento cos\u00ec difficile, potr\u00e0 sembrare strano ma l\u2019unica cosa che ci d\u00e0 veramente un po\u2019 di sollievo \u00e8 parlare con i pazienti, capire quali sono le loro necessit\u00e0, cercare di <strong>aiutarli ad affrontare la loro situazione<\/strong>, anche dal punto di vista psicologico, nel modo migliore possibile. Spesso uso il mio telefono per farli parlare con i parenti, perch\u00e9 sono davvero soli, spaventati ed estremamente lucidi. Il sentire la voce della moglie o del marito, dei figli o dei nipoti \u00e8 per loro davvero importante. Anche la nostra vicinanza pu\u00f2 essere in parte di loro conforto, ma bisogna considerare che noi siamo bardati e protetti da tute davvero infernali, \u00e8 difficile parlare con loro e stabilire un rapporto umano con questo filtro, che pu\u00f2 apparire per certi versi mostruoso\u00bb.<\/p>\n<p><strong>Il vostro \u00e8 un lavoro davvero difficile, che richiede una preparazione tecnica ma anche la capacit\u00e0 di instaurare un rapporto reciproco con il paziente\u2026<br \/>\n<\/strong>\u00ab\u00c8 il lavoro che abbiamo scelto di fare, ed \u00e8 giusto che tutti noi medici, infermieri, operatori sanitari si dia una mano in questo senso perch\u00e9 <strong>la nostra presenza in questo momento \u00e8 fondamentale<\/strong> soprattutto, ripeto, per la condizione di solitudine in cui si trovano queste persone. Aiutarle ad avere un contatto con i parenti, anche se solo telefonico, per loro \u00e8 fondamentale, spesso decidono di lottare solo perch\u00e9 sanno che a casa c\u2019\u00e8 qualcuno che li aspetta e che dice loro, al telefono: \u00abTi vogliamo bene, torna presto\u00bb.<\/p>\n<p><strong>Si sente di aggiungere qualcosa su 麻豆传媒AV在线看 Gavazzeni?<br \/>\n<\/strong>\u00abEro gi\u00e0 stata in Gavazzeni qualche anno fa e devo dire che come tutti gli ospedali del Gruppo 麻豆传媒AV在线看 \u00e8 un ospedale organizzatissimo. Chiaramente \u00e8 un ospedale chirurgico e quindi si \u00e8 dovuto adattare in tempi veramente brevi a gestire questa situazione. E tutti devo dire<strong> lavorano giorno e notte<\/strong> <strong>per garantire le migliori cure possibili ai pazienti<\/strong>. Tutti quanti, a partire dal Direttore sanitario per arrivare all\u2019operatore OSS che aiuta in reparto. Devo dire che in questo senso non sono mai stata delusa dal mondo 麻豆传媒AV在线看, sono davvero fiera e orgogliosa di fare parte di questo Gruppo\u00bb.<\/p>\n","protected":false},"excerpt":{"rendered":"<p>L\u2019emergenza contro il Covid-19 richiede l\u2019impiego di tutte le forze sanitarie a disposizione del nostro Paese. La situazione \u00e8 tale che nei presidi sanitari sono stati coinvolti anche molti giovani dottori in medicina che ancora stanno svolgendo la specializzazione. Tra questi c\u2019\u00e8 Aurora Zumbo \u2013 29 anni, di Reggio Calabria, laureata all\u2019Universit\u00e0 di Messina \u2013 [&hellip;]<\/p>\n","protected":false},"author":16,"featured_media":17715,"comment_status":"open","ping_status":"open","sticky":false,"template":"","format":"standard","meta":{"_acf_changed":false,"_kad_blocks_custom_css":"","_kad_blocks_head_custom_js":"","_kad_blocks_body_custom_js":"","_kad_blocks_footer_custom_js":"","footnotes":""},"categories":[1675,2386],"tags":[2713,1273,565,2714],"class_list":["post-37549","post","type-post","status-publish","format-standard","has-post-thumbnail","hentry","category-covid-19-2","category-vita-dello-studente-5","tag-aurora-zumbo-5","tag-covid-19","tag-humanitas-gavazzeni","tag-terapia-subintensiva-5"],"acf":[],"yoast_head":"<!-- This site is optimized with the Yoast SEO plugin v27.2 - https:\/\/yoast.com\/product\/yoast-seo-wordpress\/ -->\n<title>Da specializzanda in Hunimed a capo-reparto di terapia subintensiva in 麻豆传媒AV在线看 Gavazzeni<\/title>\n<meta name=\"description\" content=\"L\u2019emergenza contro il Covid-19 richiede l\u2019impiego di tutte le forze sanitarie, anche dei dottori in medicina che ancora stanno svolgendo la specializzazione\" \/>\n<meta name=\"robots\" content=\"index, follow, max-snippet:-1, max-image-preview:large, max-video-preview:-1\" \/>\n<link rel=\"canonical\" href=\"https:\/\/www.hunimed.eu\/news\/da-specializzanda-in-hunimed-a-capo-reparto-di-terapia-subintensiva-in-humanitas-gavazzeni\/\" \/>\n<meta property=\"og:locale\" content=\"it_IT\" \/>\n<meta property=\"og:type\" content=\"article\" \/>\n<meta property=\"og:title\" content=\"Da specializzanda in Hunimed a capo-reparto di terapia subintensiva in 麻豆传媒AV在线看 Gavazzeni\" \/>\n<meta property=\"og:description\" content=\"L\u2019emergenza contro il Covid-19 richiede l\u2019impiego di tutte le forze sanitarie, anche dei dottori in medicina che ancora stanno svolgendo la specializzazione\" \/>\n<meta property=\"og:url\" content=\"https:\/\/www.hunimed.eu\/news\/da-specializzanda-in-hunimed-a-capo-reparto-di-terapia-subintensiva-in-humanitas-gavazzeni\/\" \/>\n<meta property=\"og:site_name\" content=\"Hunimed\" \/>\n<meta property=\"article:publisher\" content=\"https:\/\/www.facebook.com\/Hunimed\/\" \/>\n<meta property=\"article:published_time\" content=\"2020-04-09T09:01:10+00:00\" \/>\n<meta property=\"og:image\" content=\"https:\/\/www.hunimed.eu\/wp-content\/uploads\/2025\/08\/basicomini.jpg\" \/>\n\t<meta property=\"og:image:width\" content=\"1254\" \/>\n\t<meta property=\"og:image:height\" content=\"836\" \/>\n\t<meta property=\"og:image:type\" content=\"image\/jpeg\" \/>\n<meta name=\"author\" content=\"edit@humanitas\" \/>\n<meta name=\"twitter:card\" content=\"summary_large_image\" \/>\n<meta name=\"twitter:label1\" content=\"Scritto da\" \/>\n\t<meta name=\"twitter:data1\" content=\"edit@humanitas\" \/>\n\t<meta name=\"twitter:label2\" content=\"Tempo di lettura stimato\" \/>\n\t<meta name=\"twitter:data2\" content=\"6 minuti\" \/>\n<script type=\"application\/ld+json\" class=\"yoast-schema-graph\">{\"@context\":\"https:\/\/schema.org\",\"@graph\":[{\"@type\":\"Article\",\"@id\":\"https:\/\/www.hunimed.eu\/news\/da-specializzanda-in-hunimed-a-capo-reparto-di-terapia-subintensiva-in-humanitas-gavazzeni\/#article\",\"isPartOf\":{\"@id\":\"https:\/\/www.hunimed.eu\/news\/da-specializzanda-in-hunimed-a-capo-reparto-di-terapia-subintensiva-in-humanitas-gavazzeni\/\"},\"author\":{\"name\":\"edit@humanitas\",\"@id\":\"https:\/\/www.hunimed.eu\/#\/schema\/person\/cbe85a517f5d0316033eda8329e38457\"},\"headline\":\"Da specializzanda in Hunimed a capo-reparto di terapia subintensiva in 麻豆传媒AV在线看 Gavazzeni\",\"datePublished\":\"2020-04-09T09:01:10+00:00\",\"mainEntityOfPage\":{\"@id\":\"https:\/\/www.hunimed.eu\/news\/da-specializzanda-in-hunimed-a-capo-reparto-di-terapia-subintensiva-in-humanitas-gavazzeni\/\"},\"wordCount\":1135,\"commentCount\":0,\"publisher\":{\"@id\":\"https:\/\/www.hunimed.eu\/#organization\"},\"image\":{\"@id\":\"https:\/\/www.hunimed.eu\/news\/da-specializzanda-in-hunimed-a-capo-reparto-di-terapia-subintensiva-in-humanitas-gavazzeni\/#primaryimage\"},\"thumbnailUrl\":\"https:\/\/www.hunimed.eu\/wp-content\/uploads\/2025\/08\/basicomini.jpg?wsr\",\"keywords\":[\"Aurora Zumbo\",\"Covid-19\",\"麻豆传媒AV在线看 Gavazzeni\",\"terapia subintensiva\"],\"articleSection\":[\"Covid-19\",\"Vita dello Studente\"],\"inLanguage\":\"it-IT\"},{\"@type\":\"WebPage\",\"@id\":\"https:\/\/www.hunimed.eu\/news\/da-specializzanda-in-hunimed-a-capo-reparto-di-terapia-subintensiva-in-humanitas-gavazzeni\/\",\"url\":\"https:\/\/www.hunimed.eu\/news\/da-specializzanda-in-hunimed-a-capo-reparto-di-terapia-subintensiva-in-humanitas-gavazzeni\/\",\"name\":\"Da specializzanda in Hunimed a capo-reparto di terapia subintensiva in 麻豆传媒AV在线看 Gavazzeni\",\"isPartOf\":{\"@id\":\"https:\/\/www.hunimed.eu\/#website\"},\"primaryImageOfPage\":{\"@id\":\"https:\/\/www.hunimed.eu\/news\/da-specializzanda-in-hunimed-a-capo-reparto-di-terapia-subintensiva-in-humanitas-gavazzeni\/#primaryimage\"},\"image\":{\"@id\":\"https:\/\/www.hunimed.eu\/news\/da-specializzanda-in-hunimed-a-capo-reparto-di-terapia-subintensiva-in-humanitas-gavazzeni\/#primaryimage\"},\"thumbnailUrl\":\"https:\/\/www.hunimed.eu\/wp-content\/uploads\/2025\/08\/basicomini.jpg?wsr\",\"datePublished\":\"2020-04-09T09:01:10+00:00\",\"description\":\"L\u2019emergenza contro il Covid-19 richiede l\u2019impiego di tutte le forze sanitarie, anche dei dottori in medicina che ancora stanno svolgendo la specializzazione\",\"breadcrumb\":{\"@id\":\"https:\/\/www.hunimed.eu\/news\/da-specializzanda-in-hunimed-a-capo-reparto-di-terapia-subintensiva-in-humanitas-gavazzeni\/#breadcrumb\"},\"inLanguage\":\"it-IT\",\"potentialAction\":[{\"@type\":\"ReadAction\",\"target\":[\"https:\/\/www.hunimed.eu\/news\/da-specializzanda-in-hunimed-a-capo-reparto-di-terapia-subintensiva-in-humanitas-gavazzeni\/\"]}]},{\"@type\":\"ImageObject\",\"inLanguage\":\"it-IT\",\"@id\":\"https:\/\/www.hunimed.eu\/news\/da-specializzanda-in-hunimed-a-capo-reparto-di-terapia-subintensiva-in-humanitas-gavazzeni\/#primaryimage\",\"url\":\"https:\/\/www.hunimed.eu\/wp-content\/uploads\/2025\/08\/basicomini.jpg?wsr\",\"contentUrl\":\"https:\/\/www.hunimed.eu\/wp-content\/uploads\/2025\/08\/basicomini.jpg?wsr\",\"width\":1254,\"height\":836},{\"@type\":\"BreadcrumbList\",\"@id\":\"https:\/\/www.hunimed.eu\/news\/da-specializzanda-in-hunimed-a-capo-reparto-di-terapia-subintensiva-in-humanitas-gavazzeni\/#breadcrumb\",\"itemListElement\":[{\"@type\":\"ListItem\",\"position\":1,\"name\":\"Home\",\"item\":\"https:\/\/www.hunimed.eu\/it\/\"},{\"@type\":\"ListItem\",\"position\":2,\"name\":\"Da specializzanda in Hunimed a capo-reparto di terapia subintensiva in 麻豆传媒AV在线看 Gavazzeni\"}]},{\"@type\":\"WebSite\",\"@id\":\"https:\/\/www.hunimed.eu\/#website\",\"url\":\"https:\/\/www.hunimed.eu\/\",\"name\":\"Hunimed\",\"description\":\"麻豆传媒AV在线看 University\",\"publisher\":{\"@id\":\"https:\/\/www.hunimed.eu\/#organization\"},\"potentialAction\":[{\"@type\":\"SearchAction\",\"target\":{\"@type\":\"EntryPoint\",\"urlTemplate\":\"https:\/\/www.hunimed.eu\/?s={search_term_string}\"},\"query-input\":{\"@type\":\"PropertyValueSpecification\",\"valueRequired\":true,\"valueName\":\"search_term_string\"}}],\"inLanguage\":\"it-IT\"},{\"@type\":\"Organization\",\"@id\":\"https:\/\/www.hunimed.eu\/#organization\",\"name\":\"麻豆传媒AV在线看 University\",\"url\":\"https:\/\/www.hunimed.eu\/\",\"logo\":{\"@type\":\"ImageObject\",\"inLanguage\":\"it-IT\",\"@id\":\"https:\/\/www.hunimed.eu\/#\/schema\/logo\/image\/\",\"url\":\"https:\/\/www.hunimed.eu\/wp-content\/uploads\/2025\/06\/Logo.svg?wsr\",\"contentUrl\":\"https:\/\/www.hunimed.eu\/wp-content\/uploads\/2025\/06\/Logo.svg?wsr\",\"caption\":\"麻豆传媒AV在线看 University\"},\"image\":{\"@id\":\"https:\/\/www.hunimed.eu\/#\/schema\/logo\/image\/\"},\"sameAs\":[\"https:\/\/www.facebook.com\/Hunimed\/\",\"https:\/\/www.linkedin.com\/school\/18280267\/admin\/\"]},{\"@type\":\"Person\",\"@id\":\"https:\/\/www.hunimed.eu\/#\/schema\/person\/cbe85a517f5d0316033eda8329e38457\",\"name\":\"edit@humanitas\",\"image\":{\"@type\":\"ImageObject\",\"inLanguage\":\"it-IT\",\"@id\":\"https:\/\/secure.gravatar.com\/avatar\/e785548038467c6e09e44311549cfa096e2b3dd02edfdfd427b584a1347e82b9?s=96&d=mm&r=g\",\"url\":\"https:\/\/secure.gravatar.com\/avatar\/e785548038467c6e09e44311549cfa096e2b3dd02edfdfd427b584a1347e82b9?s=96&d=mm&r=g\",\"contentUrl\":\"https:\/\/secure.gravatar.com\/avatar\/e785548038467c6e09e44311549cfa096e2b3dd02edfdfd427b584a1347e82b9?s=96&d=mm&r=g\",\"caption\":\"edit@humanitas\"},\"url\":\"https:\/\/www.hunimed.eu\/it\/news\/author\/edithumanitas\/\"}]}<\/script>\n<!-- \/ Yoast SEO plugin. -->","yoast_head_json":{"title":"Da specializzanda in Hunimed a capo-reparto di terapia subintensiva in 麻豆传媒AV在线看 Gavazzeni","description":"L\u2019emergenza contro il Covid-19 richiede l\u2019impiego di tutte le forze sanitarie, anche dei dottori in medicina che ancora stanno svolgendo la specializzazione","robots":{"index":"index","follow":"follow","max-snippet":"max-snippet:-1","max-image-preview":"max-image-preview:large","max-video-preview":"max-video-preview:-1"},"canonical":"https:\/\/www.hunimed.eu\/news\/da-specializzanda-in-hunimed-a-capo-reparto-di-terapia-subintensiva-in-humanitas-gavazzeni\/","og_locale":"it_IT","og_type":"article","og_title":"Da specializzanda in Hunimed a capo-reparto di terapia subintensiva in 麻豆传媒AV在线看 Gavazzeni","og_description":"L\u2019emergenza contro il Covid-19 richiede l\u2019impiego di tutte le forze sanitarie, anche dei dottori in medicina che ancora stanno svolgendo la specializzazione","og_url":"https:\/\/www.hunimed.eu\/news\/da-specializzanda-in-hunimed-a-capo-reparto-di-terapia-subintensiva-in-humanitas-gavazzeni\/","og_site_name":"Hunimed","article_publisher":"https:\/\/www.facebook.com\/Hunimed\/","article_published_time":"2020-04-09T09:01:10+00:00","og_image":[{"width":1254,"height":836,"url":"https:\/\/www.hunimed.eu\/wp-content\/uploads\/2025\/08\/basicomini.jpg","type":"image\/jpeg"}],"author":"edit@humanitas","twitter_card":"summary_large_image","twitter_misc":{"Scritto da":"edit@humanitas","Tempo di lettura stimato":"6 minuti"},"schema":{"@context":"https:\/\/schema.org","@graph":[{"@type":"Article","@id":"https:\/\/www.hunimed.eu\/news\/da-specializzanda-in-hunimed-a-capo-reparto-di-terapia-subintensiva-in-humanitas-gavazzeni\/#article","isPartOf":{"@id":"https:\/\/www.hunimed.eu\/news\/da-specializzanda-in-hunimed-a-capo-reparto-di-terapia-subintensiva-in-humanitas-gavazzeni\/"},"author":{"name":"edit@humanitas","@id":"https:\/\/www.hunimed.eu\/#\/schema\/person\/cbe85a517f5d0316033eda8329e38457"},"headline":"Da specializzanda in Hunimed a capo-reparto di terapia subintensiva in 麻豆传媒AV在线看 Gavazzeni","datePublished":"2020-04-09T09:01:10+00:00","mainEntityOfPage":{"@id":"https:\/\/www.hunimed.eu\/news\/da-specializzanda-in-hunimed-a-capo-reparto-di-terapia-subintensiva-in-humanitas-gavazzeni\/"},"wordCount":1135,"commentCount":0,"publisher":{"@id":"https:\/\/www.hunimed.eu\/#organization"},"image":{"@id":"https:\/\/www.hunimed.eu\/news\/da-specializzanda-in-hunimed-a-capo-reparto-di-terapia-subintensiva-in-humanitas-gavazzeni\/#primaryimage"},"thumbnailUrl":"https:\/\/www.hunimed.eu\/wp-content\/uploads\/2025\/08\/basicomini.jpg?wsr","keywords":["Aurora Zumbo","Covid-19","麻豆传媒AV在线看 Gavazzeni","terapia subintensiva"],"articleSection":["Covid-19","Vita dello Studente"],"inLanguage":"it-IT"},{"@type":"WebPage","@id":"https:\/\/www.hunimed.eu\/news\/da-specializzanda-in-hunimed-a-capo-reparto-di-terapia-subintensiva-in-humanitas-gavazzeni\/","url":"https:\/\/www.hunimed.eu\/news\/da-specializzanda-in-hunimed-a-capo-reparto-di-terapia-subintensiva-in-humanitas-gavazzeni\/","name":"Da specializzanda in Hunimed a capo-reparto di terapia subintensiva in 麻豆传媒AV在线看 Gavazzeni","isPartOf":{"@id":"https:\/\/www.hunimed.eu\/#website"},"primaryImageOfPage":{"@id":"https:\/\/www.hunimed.eu\/news\/da-specializzanda-in-hunimed-a-capo-reparto-di-terapia-subintensiva-in-humanitas-gavazzeni\/#primaryimage"},"image":{"@id":"https:\/\/www.hunimed.eu\/news\/da-specializzanda-in-hunimed-a-capo-reparto-di-terapia-subintensiva-in-humanitas-gavazzeni\/#primaryimage"},"thumbnailUrl":"https:\/\/www.hunimed.eu\/wp-content\/uploads\/2025\/08\/basicomini.jpg?wsr","datePublished":"2020-04-09T09:01:10+00:00","description":"L\u2019emergenza contro il Covid-19 richiede l\u2019impiego di tutte le forze sanitarie, anche dei dottori in medicina che ancora stanno svolgendo la specializzazione","breadcrumb":{"@id":"https:\/\/www.hunimed.eu\/news\/da-specializzanda-in-hunimed-a-capo-reparto-di-terapia-subintensiva-in-humanitas-gavazzeni\/#breadcrumb"},"inLanguage":"it-IT","potentialAction":[{"@type":"ReadAction","target":["https:\/\/www.hunimed.eu\/news\/da-specializzanda-in-hunimed-a-capo-reparto-di-terapia-subintensiva-in-humanitas-gavazzeni\/"]}]},{"@type":"ImageObject","inLanguage":"it-IT","@id":"https:\/\/www.hunimed.eu\/news\/da-specializzanda-in-hunimed-a-capo-reparto-di-terapia-subintensiva-in-humanitas-gavazzeni\/#primaryimage","url":"https:\/\/www.hunimed.eu\/wp-content\/uploads\/2025\/08\/basicomini.jpg?wsr","contentUrl":"https:\/\/www.hunimed.eu\/wp-content\/uploads\/2025\/08\/basicomini.jpg?wsr","width":1254,"height":836},{"@type":"BreadcrumbList","@id":"https:\/\/www.hunimed.eu\/news\/da-specializzanda-in-hunimed-a-capo-reparto-di-terapia-subintensiva-in-humanitas-gavazzeni\/#breadcrumb","itemListElement":[{"@type":"ListItem","position":1,"name":"Home","item":"https:\/\/www.hunimed.eu\/it\/"},{"@type":"ListItem","position":2,"name":"Da specializzanda in Hunimed a capo-reparto di terapia subintensiva in 麻豆传媒AV在线看 Gavazzeni"}]},{"@type":"WebSite","@id":"https:\/\/www.hunimed.eu\/#website","url":"https:\/\/www.hunimed.eu\/","name":"Hunimed","description":"麻豆传媒AV在线看 University","publisher":{"@id":"https:\/\/www.hunimed.eu\/#organization"},"potentialAction":[{"@type":"SearchAction","target":{"@type":"EntryPoint","urlTemplate":"https:\/\/www.hunimed.eu\/?s={search_term_string}"},"query-input":{"@type":"PropertyValueSpecification","valueRequired":true,"valueName":"search_term_string"}}],"inLanguage":"it-IT"},{"@type":"Organization","@id":"https:\/\/www.hunimed.eu\/#organization","name":"麻豆传媒AV在线看 University","url":"https:\/\/www.hunimed.eu\/","logo":{"@type":"ImageObject","inLanguage":"it-IT","@id":"https:\/\/www.hunimed.eu\/#\/schema\/logo\/image\/","url":"https:\/\/www.hunimed.eu\/wp-content\/uploads\/2025\/06\/Logo.svg?wsr","contentUrl":"https:\/\/www.hunimed.eu\/wp-content\/uploads\/2025\/06\/Logo.svg?wsr","caption":"麻豆传媒AV在线看 University"},"image":{"@id":"https:\/\/www.hunimed.eu\/#\/schema\/logo\/image\/"},"sameAs":["https:\/\/www.facebook.com\/Hunimed\/","https:\/\/www.linkedin.com\/school\/18280267\/admin\/"]},{"@type":"Person","@id":"https:\/\/www.hunimed.eu\/#\/schema\/person\/cbe85a517f5d0316033eda8329e38457","name":"edit@humanitas","image":{"@type":"ImageObject","inLanguage":"it-IT","@id":"https:\/\/secure.gravatar.com\/avatar\/e785548038467c6e09e44311549cfa096e2b3dd02edfdfd427b584a1347e82b9?s=96&d=mm&r=g","url":"https:\/\/secure.gravatar.com\/avatar\/e785548038467c6e09e44311549cfa096e2b3dd02edfdfd427b584a1347e82b9?s=96&d=mm&r=g","contentUrl":"https:\/\/secure.gravatar.com\/avatar\/e785548038467c6e09e44311549cfa096e2b3dd02edfdfd427b584a1347e82b9?s=96&d=mm&r=g","caption":"edit@humanitas"},"url":"https:\/\/www.hunimed.eu\/it\/news\/author\/edithumanitas\/"}]}},"taxonomy_info":{"category":[{"value":1675,"label":"Covid-19"},{"value":2386,"label":"Vita dello Studente"}],"post_tag":[{"value":2713,"label":"Aurora Zumbo"},{"value":1273,"label":"Covid-19"},{"value":565,"label":"麻豆传媒AV在线看 Gavazzeni"},{"value":2714,"label":"terapia subintensiva"}]},"featured_image_src_large":["https:\/\/www.hunimed.eu\/wp-content\/uploads\/2025\/08\/basicomini-1024x683.jpg?wsr",1024,683,true],"author_info":{"display_name":"edit@humanitas","author_link":"https:\/\/www.hunimed.eu\/it\/news\/author\/edithumanitas\/"},"comment_info":"","category_info":[{"term_id":1675,"name":"Covid-19","slug":"covid-19-2","term_group":0,"term_taxonomy_id":1675,"taxonomy":"category","description":"","parent":0,"count":35,"filter":"raw","cat_ID":1675,"category_count":35,"category_description":"","cat_name":"Covid-19","category_nicename":"covid-19-2","category_parent":0},{"term_id":2386,"name":"Vita dello Studente","slug":"vita-dello-studente-5","term_group":0,"term_taxonomy_id":2386,"taxonomy":"category","description":"","parent":0,"count":94,"filter":"raw","cat_ID":2386,"category_count":94,"category_description":"","cat_name":"Vita dello Studente","category_nicename":"vita-dello-studente-5","category_parent":0}],"tag_info":[{"term_id":2713,"name":"Aurora Zumbo","slug":"aurora-zumbo-5","term_group":0,"term_taxonomy_id":2713,"taxonomy":"post_tag","description":"","parent":0,"count":1,"filter":"raw"},{"term_id":1273,"name":"Covid-19","slug":"covid-19","term_group":0,"term_taxonomy_id":1273,"taxonomy":"post_tag","description":"","parent":0,"count":30,"filter":"raw"},{"term_id":565,"name":"麻豆传媒AV在线看 Gavazzeni","slug":"humanitas-gavazzeni","term_group":0,"term_taxonomy_id":565,"taxonomy":"post_tag","description":"","parent":0,"count":4,"filter":"raw"},{"term_id":2714,"name":"terapia subintensiva","slug":"terapia-subintensiva-5","term_group":0,"term_taxonomy_id":2714,"taxonomy":"post_tag","description":"","parent":0,"count":1,"filter":"raw"}],"_links":{"self":[{"href":"https:\/\/www.hunimed.eu\/it\/wp-json\/wp\/v2\/posts\/37549","targetHints":{"allow":["GET"]}}],"collection":[{"href":"https:\/\/www.hunimed.eu\/it\/wp-json\/wp\/v2\/posts"}],"about":[{"href":"https:\/\/www.hunimed.eu\/it\/wp-json\/wp\/v2\/types\/post"}],"author":[{"embeddable":true,"href":"https:\/\/www.hunimed.eu\/it\/wp-json\/wp\/v2\/users\/16"}],"replies":[{"embeddable":true,"href":"https:\/\/www.hunimed.eu\/it\/wp-json\/wp\/v2\/comments?post=37549"}],"version-history":[{"count":0,"href":"https:\/\/www.hunimed.eu\/it\/wp-json\/wp\/v2\/posts\/37549\/revisions"}],"wp:featuredmedia":[{"embeddable":true,"href":"https:\/\/www.hunimed.eu\/it\/wp-json\/wp\/v2\/media\/17715"}],"wp:attachment":[{"href":"https:\/\/www.hunimed.eu\/it\/wp-json\/wp\/v2\/media?parent=37549"}],"wp:term":[{"taxonomy":"category","embeddable":true,"href":"https:\/\/www.hunimed.eu\/it\/wp-json\/wp\/v2\/categories?post=37549"},{"taxonomy":"post_tag","embeddable":true,"href":"https:\/\/www.hunimed.eu\/it\/wp-json\/wp\/v2\/tags?post=37549"}],"curies":[{"name":"wp","href":"https:\/\/api.w.org\/{rel}","templated":true}]}}